[{"@context":"https:\/\/schema.org\/","@type":"Article","@id":"https:\/\/www.spars.cz\/proc-by-bylo-nalezeni-i-bakterialniho-zivota-na-jine-planete-takovym-objevem\/#Article","mainEntityOfPage":"https:\/\/www.spars.cz\/proc-by-bylo-nalezeni-i-bakterialniho-zivota-na-jine-planete-takovym-objevem\/","headline":"Pro\u010d by bylo nalezen\u00ed i bakteri\u00e1ln\u00edho \u017eivota na jin\u00e9 planet\u011b takov\u00fdm objevem?","name":"Pro\u010d by bylo nalezen\u00ed i bakteri\u00e1ln\u00edho \u017eivota na jin\u00e9 planet\u011b takov\u00fdm objevem?","description":"Kdy\u017e se za\u010dne mluvit o mimozemsk\u00e9m \u017eivot\u011b, v\u011bt\u0161ina lid\u00ed si p\u0159edstav\u00ed n\u011bjakou velmi pokro\u010dilou, hyper-inteligentn\u00ed civilizaci. A nen\u00ed divu, aby&hellip;","datePublished":"2024-07-27","dateModified":"2024-07-27","author":{"@type":"Person","@id":"https:\/\/www.spars.cz\/author\/devene\/#Person","name":"devene","url":"https:\/\/www.spars.cz\/author\/devene\/","identifier":1,"image":{"@type":"ImageObject","@id":"https:\/\/secure.gravatar.com\/avatar\/b653a05acc9928bc50547a0b6ed51698115bbf59840455a4bc9d337f928ec9d6?s=96&d=mm&r=g","url":"https:\/\/secure.gravatar.com\/avatar\/b653a05acc9928bc50547a0b6ed51698115bbf59840455a4bc9d337f928ec9d6?s=96&d=mm&r=g","height":96,"width":96}},"publisher":{"@type":"Organization","name":"spars.cz","logo":{"@type":"ImageObject","@id":"\/logo.png","url":"\/logo.png","width":600,"height":60}},"image":{"@type":"ImageObject","@id":"https:\/\/www.spars.cz\/wp-content\/uploads\/mars2_4.jpg","url":"https:\/\/www.spars.cz\/wp-content\/uploads\/mars2_4.jpg","height":0,"width":0},"url":"https:\/\/www.spars.cz\/proc-by-bylo-nalezeni-i-bakterialniho-zivota-na-jine-planete-takovym-objevem\/","about":["V\u011bda"],"wordCount":417,"articleBody":"Kdy\u017e se za\u010dne mluvit o mimozemsk\u00e9m \u017eivot\u011b, v\u011bt\u0161ina lid\u00ed si p\u0159edstav\u00ed n\u011bjakou velmi pokro\u010dilou, hyper-inteligentn\u00ed civilizaci. A nen\u00ed divu, aby n\u00e1s nav\u0161t\u00edvila, musela by nutn\u011b takov\u00e1 b\u00fdt, nebo\u0165 v\u00edme, \u017ee v\u00a0na\u0161\u00ed slune\u010dn\u00ed soustav\u011b se mimo Zemi rozvinut\u00fd \u017eivot nenach\u00e1z\u00ed, a mezihv\u011bzdn\u00e9 lety jsou st\u00e1le je\u0161t\u011b hudbou velmi vzd\u00e1len\u00e9 budoucnosti.\u00a0Pravdou v\u0161ak je, \u017ee v\u011bdci maj\u00ed pon\u011bkud st\u0159\u00edzliv\u011bj\u0161\u00ed o\u010dek\u00e1v\u00e1n\u00ed. Je toti\u017e pravdou, \u017ee abychom objevili mimozemsk\u00fd \u017eivot, nemus\u00ed nutn\u011b j\u00edt o n\u011bjakou civilizaci. Skute\u010dn\u011b velk\u00fd pr\u016flom by toti\u017e p\u0159inesl i n\u00e1lez jednobun\u011b\u010dn\u00fdch organism\u016f \u010di proto-bakteri\u00ed na jin\u00e9 planet\u011b. Zdaleka nej\u010dast\u011bji se mluv\u00ed o Jupiterov\u011b m\u011bs\u00edci Europa, ov\u0161em nen\u00ed ani zdaleka jedin\u00fdm kandid\u00e1tem.\u00a0\u00a0Pro b\u011b\u017en\u00e9ho \u010dlov\u011bka v\u0161ak m\u016f\u017ee b\u00fdt matouc\u00ed, co je tak ohromuj\u00edc\u00edho na tom, \u017ee v\u00a0oce\u00e1nu na vzd\u00e1len\u00e9m m\u011bs\u00edci plynn\u00e9ho obra budou objeveny n\u011bjak\u00e9 drobn\u00e9 mikroorganismy. Koneckonc\u016f, co s\u00a0nimi? Na rozd\u00edl od \u201eklasick\u00fdch\u201c mimozem\u0161\u0165an\u016f tyto nebudou m\u00edt na n\u00e1\u0161 b\u011b\u017en\u00fd \u017eivot v\u00a0podstat\u011b \u017e\u00e1dn\u00fd vliv. I p\u0159esto by v\u0161ak \u0161lo o skute\u010dn\u011b p\u0159elomov\u00fd objev, kter\u00fd nelze prakticky s\u00a0ni\u010d\u00edm srovnat.\u00a0\u00a0V\u00a0prvn\u00ed \u0159ad\u011b by se tak uk\u00e1zalo, \u017ee vznik \u017eivota nen\u00ed tak jedine\u010dn\u00fd, jak se doposud po\u010d\u00edtalo. Pokud mohl vzniknout v\u00a0jedn\u00e9 hv\u011bzdn\u00e9 soustav\u011b na v\u00edce m\u00edstech, je pravd\u011bpodobn\u00e9, \u017ee existuje i v\u00a0jin\u00fdch hv\u011bzdn\u00fdch soustav\u00e1ch. A jeliko\u017e doposud nem\u00e1me tak dobr\u00e9 vybaven\u00ed, abychom mohli pozorovat exoplanety, nem\u016f\u017eeme ani v\u011bd\u011bt, jakou podobu bude dan\u00fd \u017eivot m\u00edt. Jist\u011b, i zde m\u016f\u017ee b\u00fdt pouze n\u011bkolik primitivn\u00edch bakteri\u00ed, ale m\u016f\u017eou se naj\u00edt i planety s\u00a0tak rozvinut\u00fdm \u017eivotem, jako m\u00e1 Zem\u011b.\u00a0Rozhodn\u011b to v\u0161ak uk\u00e1\u017ee, \u017ee my\u0161lenka mimozemsk\u00e9ho \u017eivota je re\u00e1ln\u00e1. Nyn\u00ed ji\u017e v\u017edy budeme v\u011bd\u011bt, \u017ee ve vesm\u00edru nejsme sami. A by\u0165 je onen \u017eivot prozat\u00edm velmi primitivn\u00ed, i on se bude postupn\u011b vyv\u00edjet. Do jak\u00fdch podob, to zat\u00edm neum\u00edme \u0159\u00edci, av\u0161ak budeme jej moci pozorovat v\u00a0re\u00e1ln\u00e9m \u010dase, co\u017e je jedine\u010dn\u00e1 p\u0159\u00edle\u017eitost. Nelze se tedy divit, \u017ee by z\u00a0n\u00ed nejen v\u011bdci byli nad\u0161eni.                                                                                                                                                                                                                                                                                                                                                                                                "},{"@context":"https:\/\/schema.org\/","@type":"BreadcrumbList","itemListElement":[{"@type":"ListItem","position":1,"name":"Pro\u010d by bylo nalezen\u00ed i bakteri\u00e1ln\u00edho \u017eivota na jin\u00e9 planet\u011b takov\u00fdm objevem?","item":"https:\/\/www.spars.cz\/proc-by-bylo-nalezeni-i-bakterialniho-zivota-na-jine-planete-takovym-objevem\/#breadcrumbitem"}]}]