[{"@context":"https:\/\/schema.org\/","@type":"Article","@id":"https:\/\/www.spars.cz\/prestavby-bytu-i-kancelari-nejsou-v-prazskem-regionu-nad-narocne\/#Article","mainEntityOfPage":"https:\/\/www.spars.cz\/prestavby-bytu-i-kancelari-nejsou-v-prazskem-regionu-nad-narocne\/","headline":"P\u0159estavby byt\u016f i kancel\u00e1\u0159\u00ed nejsou v\u00a0pra\u017esk\u00e9m regionu nad n\u00e1ro\u010dn\u00e9","name":"P\u0159estavby byt\u016f i kancel\u00e1\u0159\u00ed nejsou v\u00a0pra\u017esk\u00e9m regionu nad n\u00e1ro\u010dn\u00e9","description":"P\u016fda m\u00e1 v mnoh\u00fdch star\u00fdch domech obvykla jedinou funkci &#8211; odkladi\u0161t\u011b. P\u0159i drahot\u011b obytn\u00fdch prostor je j\u00ed pro takov\u00fd \u00fa\u010del&hellip;","datePublished":"2025-03-05","dateModified":"2025-03-05","author":{"@type":"Person","@id":"https:\/\/www.spars.cz\/author\/devene\/#Person","name":"devene","url":"https:\/\/www.spars.cz\/author\/devene\/","identifier":1,"image":{"@type":"ImageObject","@id":"https:\/\/secure.gravatar.com\/avatar\/b653a05acc9928bc50547a0b6ed51698115bbf59840455a4bc9d337f928ec9d6?s=96&d=mm&r=g","url":"https:\/\/secure.gravatar.com\/avatar\/b653a05acc9928bc50547a0b6ed51698115bbf59840455a4bc9d337f928ec9d6?s=96&d=mm&r=g","height":96,"width":96}},"publisher":{"@type":"Organization","name":"spars.cz","logo":{"@type":"ImageObject","@id":"\/logo.png","url":"\/logo.png","width":600,"height":60}},"url":"https:\/\/www.spars.cz\/prestavby-bytu-i-kancelari-nejsou-v-prazskem-regionu-nad-narocne\/","wordCount":163,"articleBody":"P\u016fda m\u00e1 v mnoh\u00fdch star\u00fdch domech obvykla jedinou funkci &#8211; odkladi\u0161t\u011b. P\u0159i drahot\u011b obytn\u00fdch prostor je j\u00ed pro takov\u00fd \u00fa\u010del \u0161koda. St\u00e1le v\u00edce p\u016fd se p\u0159estavuje k obytn\u00fdm \u00fa\u010del\u016fm, na bydlen\u00ed pro d\u011bti nebo p\u0159i dostate\u010dn\u00e9m mno\u017estv\u00ed m\u00edsta tak\u00e9 na kompletn\u00ed byt pro celou rodinu. M\u00e1te k dispozici takovou p\u016fdu? Pak nev\u00e1hejte a sv\u011b\u0159te ji n\u00e1m! Rekonstrukce byt\u016f praha v\u00e1m zajist\u00ed celou jej\u00ed p\u0159estavbu.I kdy\u017e ze\u0161ikmen\u00ed st\u0159echy n\u00e1s nejednou p\u0159ekvap\u00ed a na\u0161e mozky \u010dasto docela zam\u011bstn\u00e1, ve v\u00fdsledku, a\u017e budete za\u0159izovat p\u016fdn\u00ed vestavbu n\u00e1bytkem, zjist\u00edte, jak je bydlen\u00ed pod st\u0159echou p\u0159\u00edjemn\u00e9 a budete r\u00e1di, \u017ee jste se obr\u00e1tili pr\u00e1v\u011b na na\u0161i firmu a rekonstrukce byt\u016f praha byla provedena.Nechte si poradit u n\u00e1s!U odborn\u00edk\u016f na rekonstrukce byt\u016f praha.                                                                                                                                                                                                                                                                                                                                                                                                "},{"@context":"https:\/\/schema.org\/","@type":"BreadcrumbList","itemListElement":[{"@type":"ListItem","position":1,"name":"P\u0159estavby byt\u016f i kancel\u00e1\u0159\u00ed nejsou v\u00a0pra\u017esk\u00e9m regionu nad n\u00e1ro\u010dn\u00e9","item":"https:\/\/www.spars.cz\/prestavby-bytu-i-kancelari-nejsou-v-prazskem-regionu-nad-narocne\/#breadcrumbitem"}]}]