[{"@context":"https:\/\/schema.org\/","@type":"Article","@id":"https:\/\/www.spars.cz\/pekne-zuby\/#Article","mainEntityOfPage":"https:\/\/www.spars.cz\/pekne-zuby\/","headline":"P\u011bkn\u00e9 zuby","name":"P\u011bkn\u00e9 zuby","description":"Samoz\u0159ejm\u011b, \u017ee jako ka\u017ed\u00fd druh\u00fd \u010dlov\u011bk, tak i j\u00e1 jsem cht\u011bla m\u00edt perfektn\u00ed zuby. Nem\u00e1m r\u00e1da, kdy\u017e m\u011b bol\u00ed zuby&hellip;","datePublished":"2022-11-12","dateModified":"2023-12-20","author":{"@type":"Person","@id":"https:\/\/www.spars.cz\/author\/devene\/#Person","name":"devene","url":"https:\/\/www.spars.cz\/author\/devene\/","identifier":1,"image":{"@type":"ImageObject","@id":"https:\/\/secure.gravatar.com\/avatar\/b653a05acc9928bc50547a0b6ed51698115bbf59840455a4bc9d337f928ec9d6?s=96&d=mm&r=g","url":"https:\/\/secure.gravatar.com\/avatar\/b653a05acc9928bc50547a0b6ed51698115bbf59840455a4bc9d337f928ec9d6?s=96&d=mm&r=g","height":96,"width":96}},"publisher":{"@type":"Organization","name":"spars.cz","logo":{"@type":"ImageObject","@id":"\/logo.png","url":"\/logo.png","width":600,"height":60}},"image":{"@type":"ImageObject","@id":"https:\/\/www.spars.cz\/wp-content\/uploads\/dentist-2530990_960_720_2.jpg","url":"https:\/\/www.spars.cz\/wp-content\/uploads\/dentist-2530990_960_720_2.jpg","height":0,"width":0},"url":"https:\/\/www.spars.cz\/pekne-zuby\/","about":["Byznys"],"wordCount":393,"articleBody":"         Samoz\u0159ejm\u011b, \u017ee jako ka\u017ed\u00fd druh\u00fd \u010dlov\u011bk, tak i j\u00e1 jsem cht\u011bla m\u00edt perfektn\u00ed zuby. Nem\u00e1m r\u00e1da, kdy\u017e m\u011b bol\u00ed zuby anebo je m\u00e1m n\u011bjak \u0161kared\u00e9 \u010di za\u017eloutl\u00e9. Za\u017eloutl\u00e9 jsem v\u00e1\u017en\u011b m\u011bla opravdu d\u0159\u00edve, kdy\u017e jsem je\u0161t\u011b jako d\u00edt\u011b a dosp\u00edvaj\u00edc\u00ed. Nedbala jsem bohu\u017eel tak moc na \u00fastn\u00ed hygienu. Opravdu m\u011b hodn\u011b mrz\u00ed, \u017ee m\u011b rodi\u010de k tomuto \u00fakon\u016f opravdu pevn\u011b nevedly. Moj\u00ed m\u00e1m\u011b to bylo jedno a otci taky. Proto\u017ee si vzpom\u00edn\u00e1m, jak moji rodi\u010de mi v\u017edycky \u0159\u00edkali, \u017ee jednoho dne toho budu litovat, \u017ee si ne\u010dist\u00edm pravideln\u011b moje zuby. J\u00e1 jsem si je toti\u017e \u010distila obden, a to v\u017edycky jenom ve\u010der. Tak\u017ee b\u011bhem dvou dn\u016f v\u017edycky jenom jeden kr\u00e1tk\u00fd jsem si vy\u010distila zuby. Tak\u017ee opravdu katastrofa a no\u010dn\u00ed m\u016fra zuba\u0159\u016f! Kdy\u017e se tak kouk\u00e1m zp\u011btn\u011b, tak jsem na sebe p\u011bkn\u011b na\u0161tvan\u00e1, a to v\u010detn\u011b rodi\u010d\u016f, kte\u0159\u00ed m\u011b k tomu nedonutily. A opravdu m\u011b to hodn\u011b \u0161tvalo.To j\u00e1 m\u00e1m dneska dvoulet\u00e9 d\u00edt\u011b, a to si mus\u00ed p\u0159ede mnou dvakr\u00e1t denn\u011b pravideln\u011b \u010distit zoubky. Proto se mi taky stalo, \u017ee jsem u\u017e byla v Praze, kde jsem si dala zubn\u00ed fazety. Mus\u00edm \u0159\u00edct, \u017ee zubn\u00ed fazety z Prahy se mi moc l\u00edbily a dostala jsem na n\u011b kontakt od sv\u00e9 dent\u00e1ln\u00ed dermatolo\u017eky. \u0158ekla jsem si, \u017ee kdy\u017e m\u00e1m tak poni\u010den\u00e9 zuby, kter\u00e9 nejdou opravit, nech\u00e1m si d\u00e1t zubn\u00ed fazety z Prahy. Objednala jsem se na webov\u00e9 str\u00e1nce clinicplus.cz, kde se dozv\u00edte v\u0161echno o servisu, kter\u00e9 tato zubn\u00ed ordinace d\u011bl\u00e1. Samoz\u0159ejm\u011b, \u017ee jsem si potom rad\u011bji domluvila nez\u00e1vaznou sch\u016fzku na zubn\u00ed fazety z Prahy. Byla jsem nakonec r\u00e1da, kdy\u017e cenov\u00e1 dostupnost pro m\u011b byla docela dostupn\u00e1, tak\u017ee pro m\u011b zubn\u00ed fazety z Prahy Byla jasn\u00e1 volba a nest\u00e1lo m\u011b to moc pen\u011bz. Nyn\u00ed jsem r\u00e1da, \u017ee jsem do zubn\u00edch fazet opravdu investovala nemal\u00e9 pen\u00edze, ale zase za tu kr\u00e1su mi to stoj\u00ed. Jsou zubn\u00ed fazety Praha, kter\u00e9 \u010dlov\u011bku pom\u016f\u017eou taky zvednou sebev\u011bdom\u00ed. Komu by nov\u00e9 zuby tohle neud\u011blaly?                                                                                                                                                                                                                                                                                                                                                                                                  "},{"@context":"https:\/\/schema.org\/","@type":"BreadcrumbList","itemListElement":[{"@type":"ListItem","position":1,"name":"P\u011bkn\u00e9 zuby","item":"https:\/\/www.spars.cz\/pekne-zuby\/#breadcrumbitem"}]}]