[{"@context":"https:\/\/schema.org\/","@type":"Article","@id":"https:\/\/www.spars.cz\/osobne-se-mi-libi-kamna\/#Article","mainEntityOfPage":"https:\/\/www.spars.cz\/osobne-se-mi-libi-kamna\/","headline":"Osobn\u011b se mi l\u00edb\u00ed kamna","name":"Osobn\u011b se mi l\u00edb\u00ed kamna","description":"Ano, osobn\u011b se mi l\u00edb\u00ed krbov\u00e1 kamna a do budoucna jist\u011b zv\u00e1\u017e\u00edm, jestli je budeme m\u00edt. Jeliko\u017e zat\u00edm nebydl\u00edm ve&hellip;","datePublished":"2024-12-24","dateModified":"2024-12-24","author":{"@type":"Person","@id":"https:\/\/www.spars.cz\/author\/devene\/#Person","name":"devene","url":"https:\/\/www.spars.cz\/author\/devene\/","identifier":1,"image":{"@type":"ImageObject","@id":"https:\/\/secure.gravatar.com\/avatar\/b653a05acc9928bc50547a0b6ed51698115bbf59840455a4bc9d337f928ec9d6?s=96&d=mm&r=g","url":"https:\/\/secure.gravatar.com\/avatar\/b653a05acc9928bc50547a0b6ed51698115bbf59840455a4bc9d337f928ec9d6?s=96&d=mm&r=g","height":96,"width":96}},"publisher":{"@type":"Organization","name":"spars.cz","logo":{"@type":"ImageObject","@id":"\/logo.png","url":"\/logo.png","width":600,"height":60}},"url":"https:\/\/www.spars.cz\/osobne-se-mi-libi-kamna\/","wordCount":180,"articleBody":"Ano, osobn\u011b se mi l\u00edb\u00ed krbov\u00e1 kamna a do budoucna jist\u011b zv\u00e1\u017e\u00edm, jestli je budeme m\u00edt. Jeliko\u017e zat\u00edm nebydl\u00edm ve sv\u00e9m. Mysl\u00edm si, \u017ee je hezk\u00e9 je m\u00edt doma v ob\u00fdvac\u00edm pokoji \u010di n\u011bkde v m\u00edstnosti, kde se bude tr\u00e1vit \u010das. P\u0159eci jenom to m\u00e1 svoje kouzlo. Jeliko\u017e jsem vyznava\u010d p\u0159\u00edrody, tak jsem pro.Topit ekologicky?Pokud top\u00edte d\u0159evem, tak je to ur\u010dit\u011b dob\u0159e a je to lep\u0161\u00ed ne\u017e topit uhl\u00edm. Kdo m\u00e1 lesy, tak tam je to asi jasn\u00e9, \u017ee bude topit d\u0159evem, ale ten kdo nem\u00e1, tak mo\u017en\u00e1 \u0161\u00e1hne po hn\u011bd\u00e9m \u010di \u010dern\u00e9m uhl\u00ed. Mo\u017en\u00e1 jste to je\u0161t\u011b ani nezkusili, ale \u0161t\u00edpat d\u0159\u00edv\u00ed a m\u00edt n\u011bjakou fyzickou aktivitu mi p\u0159ijde lep\u0161\u00ed ne\u017e jen sypat n\u011bkam do kotle uhl\u00ed. Osobn\u011b m\u00e1m r\u00e1d, kdy\u017e jdu do lesa a d\u011bl\u00e1 se zde n\u011bjak\u00e1 pr\u00e1ce, proto \u0161t\u00edp\u00e1n\u00ed mi nevad\u00ed, V\u00e1m ano?                                                                                                                                                                                                                                                                                                                                                                                                "},{"@context":"https:\/\/schema.org\/","@type":"BreadcrumbList","itemListElement":[{"@type":"ListItem","position":1,"name":"Osobn\u011b se mi l\u00edb\u00ed kamna","item":"https:\/\/www.spars.cz\/osobne-se-mi-libi-kamna\/#breadcrumbitem"}]}]