[{"@context":"https:\/\/schema.org\/","@type":"Article","@id":"https:\/\/www.spars.cz\/kontrola-emisi\/#Article","mainEntityOfPage":"https:\/\/www.spars.cz\/kontrola-emisi\/","headline":"Kontrola emis\u00ed","name":"Kontrola emis\u00ed","description":"Ekologov\u00e9 se sna\u017e\u00ed upozor\u0148ovat na r\u016fzn\u00e1 t\u00e9mata, o tom co \u0161kod\u00ed na\u0161\u00ed planet\u011b. Jedn\u00edm z t\u00e9mat je CO2. U\u017e dlouho&hellip;","datePublished":"2022-09-25","dateModified":"2023-05-02","author":{"@type":"Person","@id":"https:\/\/www.spars.cz\/author\/devene\/#Person","name":"devene","url":"https:\/\/www.spars.cz\/author\/devene\/","identifier":1,"image":{"@type":"ImageObject","@id":"https:\/\/secure.gravatar.com\/avatar\/b653a05acc9928bc50547a0b6ed51698115bbf59840455a4bc9d337f928ec9d6?s=96&d=mm&r=g","url":"https:\/\/secure.gravatar.com\/avatar\/b653a05acc9928bc50547a0b6ed51698115bbf59840455a4bc9d337f928ec9d6?s=96&d=mm&r=g","height":96,"width":96}},"publisher":{"@type":"Organization","name":"spars.cz","logo":{"@type":"ImageObject","@id":"\/logo.png","url":"\/logo.png","width":600,"height":60}},"image":{"@type":"ImageObject","@id":"https:\/\/www.spars.cz\/wp-content\/uploads\/pollution-gf22430fdb_640.jpg","url":"https:\/\/www.spars.cz\/wp-content\/uploads\/pollution-gf22430fdb_640.jpg","height":0,"width":0},"url":"https:\/\/www.spars.cz\/kontrola-emisi\/","about":["Nakupov\u00e1n\u00ed"],"wordCount":380,"articleBody":"       Ekologov\u00e9 se sna\u017e\u00ed upozor\u0148ovat na r\u016fzn\u00e1 t\u00e9mata, o tom co \u0161kod\u00ed na\u0161\u00ed planet\u011b. Jedn\u00edm z t\u00e9mat je CO2. U\u017e dlouho jsou sledovan\u00e9 tov\u00e1rny, kolik vypou\u0161t\u00ed do ovzdu\u0161\u00ed plynn\u00fdch l\u00e1tek a limity jsou pom\u011brn\u011b p\u0159\u00edsn\u011b nastaven\u00e9. Pr\u016fmyslov\u011b vysp\u011bl\u00e9 zem\u011b si nemohou dovolit tyto parametry nesledovat a nelze k soused\u016fm za hranicemi pos\u00edlat vzduchem odpad z vlastn\u00edch tov\u00e1ren.Stejn\u00e9 limity jsou nastaven\u00e9 i u aut. Proto chod\u00edme na m\u011b\u0159en\u00ed emis\u00ed p\u0159i technick\u00fdch kontrol\u00e1ch na\u0161ich aut. Cel\u00fd v\u00fdfukov\u00e1 sestava v aut\u011b, v\u010detn\u011b chladi\u010de v\u00fdfukov\u00fdch plyn\u016f 03g131512ad mus\u00ed spl\u0148ovat emisn\u00ed limity. Ka\u017ed\u00e1 automobilka mus\u00ed u ka\u017ed\u00e9ho nov\u00e9ho typu auta dodr\u017eet p\u0159\u00edsn\u00e9 emisn\u00ed limity a nen\u00ed proto divu, \u017ee se ob\u010das na sv\u011btlo sv\u011bta dostane podvod, nap\u0159. Volkswagenu nebo BMW. M\u016f\u017eeme se p\u0159\u00edt o to, zda vy\u0159e\u0161\u00ed situaci s emisemi elektroautomobily. Ano, tyto auta nemaj\u00ed benz\u00ednov\u00e9 nebo naftov\u00e9 motory a v\u00fdfukovou soustavu, neprodukuj\u00ed CO2 p\u0159\u00edmo, ale elekt\u0159inu do nich mus\u00edme n\u011bkde vyrobit. P\u0159edstavy, \u017ee elektr\u00e1rny budou vyr\u00e1b\u011bt elektrickou energii z ekologick\u00e9ho plynu se bohu\u017eel zkomplikovala v\u00e1lkou na Ukrajin\u011b a tak je ot\u00e1zka, co to \u010dasem ud\u011bl\u00e1 z v\u00fdrobou a prosazov\u00e1n\u00edm elektroautomobil\u016f. Mo\u017en\u00e1 jste na soci\u00e1ln\u00edch s\u00edt\u00edch zaregistrovali f\u00e1mu, \u017ee v\u00fdbuch sopky vychrl\u00ed do ovzdu\u0161\u00ed mnohem v\u00edce CO2 ne\u017e tam vypust\u00ed sv\u00fdmi \u010dinnostmi \u010dlov\u011bk. Nen\u00ed to pravda, sopky \u010din\u00ed pouze 1% z toho, co vyprodukuje \u010dlov\u011bk. Dal\u0161\u00edm velk\u00fdm probl\u00e9mem jsou plasty, l\u00e9pe \u0159e\u010deno mikroplasty. Sn\u00ed\u017een\u00edm v\u00fdroby plast\u016f se ale situace moc nevy\u0159e\u0161\u00ed, proto\u017ee plasty u\u017e se staly sou\u010d\u00e1st\u00ed na\u0161eho \u017eivota. \u0158e\u0161en\u00edm je ekologick\u00e1 likvidace ji\u017e vyroben\u00fdch plast\u016f, kter\u00e9 plavou jak obrovsk\u00e9 ostrov v mo\u0159i, \u010di se v\u00e1lej\u00ed v\u0161ude kolem n\u00e1s. \u010clov\u011bk se nechov\u00e1 k planet\u011b \u00fapln\u011b nejl\u00edp, ale p\u0159\u00edroda si um\u00ed \u010dasto pomoct sama. Mo\u017en\u00e1 si \u010dasem pom\u016f\u017ee i t\u00edm krut\u00fdm zp\u016fsobem, \u017ee se \u010d\u00e1sti lidstva zbav\u00ed. Kdo v\u00ed.                                                                                                                                                                                                                                                                                                                                                                                                 "},{"@context":"https:\/\/schema.org\/","@type":"BreadcrumbList","itemListElement":[{"@type":"ListItem","position":1,"name":"Kontrola emis\u00ed","item":"https:\/\/www.spars.cz\/kontrola-emisi\/#breadcrumbitem"}]}]