[{"@context":"https:\/\/schema.org\/","@type":"Article","@id":"https:\/\/www.spars.cz\/kdy-do-duchodu\/#Article","mainEntityOfPage":"https:\/\/www.spars.cz\/kdy-do-duchodu\/","headline":"Kdy do d\u016fchodu","name":"Kdy do d\u016fchodu","description":"C\u00edt\u00edte se u\u017e na sto let a r\u00e1di byste do d\u016fchodu? Tak to si asi je\u0161t\u011b p\u00e1r let po\u010dk\u00e1te, nebo\u0165&hellip;","datePublished":"2025-03-27","dateModified":"2025-03-27","author":{"@type":"Person","@id":"https:\/\/www.spars.cz\/author\/devene\/#Person","name":"devene","url":"https:\/\/www.spars.cz\/author\/devene\/","identifier":1,"image":{"@type":"ImageObject","@id":"https:\/\/secure.gravatar.com\/avatar\/b653a05acc9928bc50547a0b6ed51698115bbf59840455a4bc9d337f928ec9d6?s=96&d=mm&r=g","url":"https:\/\/secure.gravatar.com\/avatar\/b653a05acc9928bc50547a0b6ed51698115bbf59840455a4bc9d337f928ec9d6?s=96&d=mm&r=g","height":96,"width":96}},"publisher":{"@type":"Organization","name":"spars.cz","logo":{"@type":"ImageObject","@id":"\/logo.png","url":"\/logo.png","width":600,"height":60}},"url":"https:\/\/www.spars.cz\/kdy-do-duchodu\/","wordCount":177,"articleBody":"C\u00edt\u00edte se u\u017e na sto let a r\u00e1di byste do d\u016fchodu? Tak to si asi je\u0161t\u011b p\u00e1r let po\u010dk\u00e1te, nebo\u0165 v\u011bkov\u00e1 hranice se posunula o kap\u00e1nek dozadu. Budeme \u010d\u00edm d\u00e1l star\u0161\u00ed d\u016fchodci a budeme r\u00e1di, kdy\u017e se d\u016fchodov\u00e9ho v\u011bku v\u016fbec do\u017eijeme. Zjist\u011bte si, kdy do d\u016fchodu rad\u011bji zcela p\u0159esn\u011b.Kdy do d\u016fchodu zaj\u00edm\u00e1 snad ka\u017ed\u00e9ho v pokro\u010dilej\u0161\u00edm v\u011bku. Hlavn\u011b ti, jejich\u017e profese jim nedovol\u00ed pracovat a\u017e do pozdn\u00edho v\u011bku, by se m\u011bli na d\u016fchod \u0159\u00e1dn\u011b p\u0159ipravit a p\u0159ipojistit.Nezapome\u0148te shroma\u017e\u010fovat dokladyNebude to tak lehk\u00e9, jako si zjistit, v\u00fdpo\u010det odchodu do d\u016fchodu. Cel\u00fd proces vy\u0159\u00edzen\u00ed p\u0159edev\u0161\u00edm vy\u017eaduje mnoho d\u016fle\u017eit\u00fdch doklad\u016f, jako je potvrzen\u00ed o studiu, o v\u00fdkonu vojensk\u00e9 slu\u017eby, doklady prokazuj\u00edc\u00ed v\u00fdchovu d\u011bt\u00ed, doklady prokazuj\u00edc\u00ed dobu poji\u0161t\u011bn\u00ed, \u010destn\u00e1 prohl\u00e1\u0161en\u00ed a dal\u0161\u00ed.                                                                                                                                                                                                                                                                                                                                                                                                "},{"@context":"https:\/\/schema.org\/","@type":"BreadcrumbList","itemListElement":[{"@type":"ListItem","position":1,"name":"Kdy do d\u016fchodu","item":"https:\/\/www.spars.cz\/kdy-do-duchodu\/#breadcrumbitem"}]}]