[{"@context":"https:\/\/schema.org\/","@type":"Article","@id":"https:\/\/www.spars.cz\/dovolena-v-jiznich-cechach-s-pronajatym-vozem-z-autopujcovny-v-praze-9\/#Article","mainEntityOfPage":"https:\/\/www.spars.cz\/dovolena-v-jiznich-cechach-s-pronajatym-vozem-z-autopujcovny-v-praze-9\/","headline":"Dovolen\u00e1 v Ji\u017en\u00edch \u010cech\u00e1ch s pronajat\u00fdm vozem z autop\u016fj\u010dovny v Praze 9","name":"Dovolen\u00e1 v Ji\u017en\u00edch \u010cech\u00e1ch s pronajat\u00fdm vozem z autop\u016fj\u010dovny v Praze 9","description":"Dovolenkov\u00e9 pobyty v \u010cesk\u00e9 republice maj\u00ed ve srovn\u00e1n\u00ed se zahrani\u010dn\u00edmi pobyty celou \u0159adu v\u00fdhod. Za prv\u00e9 je to bl\u00ed\u017e z&hellip;","datePublished":"2021-07-17","dateModified":"2021-07-17","author":{"@type":"Person","@id":"https:\/\/www.spars.cz\/author\/devene\/#Person","name":"devene","url":"https:\/\/www.spars.cz\/author\/devene\/","identifier":1,"image":{"@type":"ImageObject","@id":"https:\/\/secure.gravatar.com\/avatar\/b653a05acc9928bc50547a0b6ed51698115bbf59840455a4bc9d337f928ec9d6?s=96&d=mm&r=g","url":"https:\/\/secure.gravatar.com\/avatar\/b653a05acc9928bc50547a0b6ed51698115bbf59840455a4bc9d337f928ec9d6?s=96&d=mm&r=g","height":96,"width":96}},"publisher":{"@type":"Organization","name":"spars.cz","logo":{"@type":"ImageObject","@id":"\/logo.png","url":"\/logo.png","width":600,"height":60}},"image":{"@type":"ImageObject","@id":"https:\/\/www.spars.cz\/wp-content\/uploads\/j%C3%ADzda%20autem_3.jpg","url":"https:\/\/www.spars.cz\/wp-content\/uploads\/j%C3%ADzda%20autem_3.jpg","height":0,"width":0},"url":"https:\/\/www.spars.cz\/dovolena-v-jiznich-cechach-s-pronajatym-vozem-z-autopujcovny-v-praze-9\/","about":["Nakupov\u00e1n\u00ed"],"wordCount":424,"articleBody":"   Dovolenkov\u00e9 pobyty v \u010cesk\u00e9 republice maj\u00ed ve srovn\u00e1n\u00ed se zahrani\u010dn\u00edmi pobyty celou \u0159adu v\u00fdhod. Za prv\u00e9 je to bl\u00ed\u017e z domova, tak\u017ee jste na m\u00edst\u011b pom\u011brn\u011b rychle, za p\u00e1r hodin j\u00edzdy. Za druh\u00e9 se tu dob\u0159e dorozum\u00edte a v p\u0159\u00edpad\u011b n\u011bjak\u00e9ho probl\u00e9mu (\u00faraz, onemocn\u011bn\u00ed, nehoda) je snaz\u0161\u00ed p\u0159ivolat adekv\u00e1tn\u00ed pomoc. Za t\u0159et\u00ed se m\u016f\u017eete tak\u0159ka zcela vyhnout opat\u0159en\u00edm ve spojitosti s koronavirem, zvl\u00e1\u0161t\u011b tehdy, pokud se v\u00e1m poda\u0159\u00ed zajistit vhodn\u00e9 ubytov\u00e1n\u00ed k penzionu, horsk\u00e9 chat\u011b nebo v kempu. A za \u010dtvrt\u00e9 \u2013 na\u0161e zem\u011b pat\u0159\u00ed k nejkr\u00e1sn\u011bj\u0161\u00edm na sv\u011bt\u011b, je velmi rozmanit\u00e1, s celou \u0159adou p\u0159\u00edrodn\u00edch kr\u00e1s a pam\u00e1tek.Napl\u00e1nujte si dovolenou samiCo takhle nespol\u00e9hat na cestovn\u00ed kancel\u00e1\u0159 \u010di podobn\u00e9ho organiz\u00e1tora a vytvo\u0159it si vlastn\u00ed program? Vyjde v\u00e1s to levn\u011bji a hlavn\u011b si sv\u016fj voln\u00fd \u010das napl\u00e1nujete podle sv\u00e9ho a m\u016f\u017eete jej i pru\u017en\u011b m\u011bnit. R\u00e1di bychom v\u00e1m nast\u00ednili jednu z mo\u017enost\u00ed, jak podniknout zaj\u00edmav\u00fd v\u00fdlet \u010di v\u00edcedenn\u00ed putov\u00e1n\u00ed v jiho\u010desk\u00e9m regionu, tam, kde se psaly d\u011bjiny husitsk\u00e9ho hnut\u00ed, spojen\u00e9 se slavn\u00fdm vojev\u016fdcem Janem \u017di\u017ekou z Trocnova. A kde za\u010d\u00edt? T\u0159eba v Su\u0161ici. Je to m\u011bste\u010dko na Otav\u011b, s tradic\u00ed v\u00fdroby z\u00e1palek a nedaleko odtud p\u0159i dob\u00fdv\u00e1n\u00ed hradu Rab\u00ed p\u0159i\u0161el Jan \u017di\u017eka o sv\u00e9 druh\u00e9 oko.Nepot\u0159ebujete k tomu ani vlastn\u00ed v\u016fz, ten si lze pronajmout v autop\u016fj\u010dovn\u011b Praha 9 Autop\u016fj\u010dovna Milan, to sam\u00e9 plat\u00ed i pro j\u00edzdn\u00ed kola \u010di vod\u00e1ck\u00e9 vybaven\u00ed, chcete-li svou dovolenou pojmout opravdu velkoryse. P\u016fj\u010dovny kol a lod\u00ed naleznete nap\u0159. v Su\u0161ici a m\u00e1te mo\u017enost program voln\u00fdch dn\u016f r\u016fzn\u011b m\u011bnit podle po\u010das\u00ed, n\u00e1lady a va\u0161ich mo\u017enost\u00ed. Pod\u00e9l Otavy se d\u00e1 jet autem, vlakem i na kolech po zna\u010den\u00fdch cyklostezk\u00e1ch a chcete-li tip na zaj\u00edmav\u00e1 m\u00edsta, tak nevynechejte Sudom\u011b\u0159, kde prob\u00edhala husitsk\u00e1 bitva, Hradi\u0161\u0165sk\u00fd vrch u P\u00edsku, tvrz Kest\u0159any, t\u016fn\u011b u Hajsk\u00e9 u jezu Slan\u00edk, kde se d\u0159\u00edve t\u011b\u017eilo zlato \u010di m\u011bsto Strakonice se starobyl\u00fdm hradem. No a samoz\u0159ejm\u011b nesm\u00edme zapomenout na samotnou malebnou krajinu v podh\u016f\u0159\u00ed \u0160umavy.                                                                                                                                                                                                                                                                                                                                                                                                  "},{"@context":"https:\/\/schema.org\/","@type":"BreadcrumbList","itemListElement":[{"@type":"ListItem","position":1,"name":"Dovolen\u00e1 v Ji\u017en\u00edch \u010cech\u00e1ch s pronajat\u00fdm vozem z autop\u016fj\u010dovny v Praze 9","item":"https:\/\/www.spars.cz\/dovolena-v-jiznich-cechach-s-pronajatym-vozem-z-autopujcovny-v-praze-9\/#breadcrumbitem"}]}]