[{"@context":"https:\/\/schema.org\/","@type":"Article","@id":"https:\/\/www.spars.cz\/dovolena-jak-se-patri\/#Article","mainEntityOfPage":"https:\/\/www.spars.cz\/dovolena-jak-se-patri\/","headline":"Dovolen\u00e1 jak se pat\u0159\u00ed","name":"Dovolen\u00e1 jak se pat\u0159\u00ed","description":"Dovolen\u00e1 m\u016f\u017ee m\u00edt hned n\u011bkolik podob. Ka\u017ed\u00fd si pod pojmem dovolen\u00e1 p\u0159edstav\u00ed n\u011bco jin\u00e9ho podle toho, co ho bav\u00ed a&hellip;","datePublished":"2022-11-20","dateModified":"2023-05-02","author":{"@type":"Person","@id":"https:\/\/www.spars.cz\/author\/devene\/#Person","name":"devene","url":"https:\/\/www.spars.cz\/author\/devene\/","identifier":1,"image":{"@type":"ImageObject","@id":"https:\/\/secure.gravatar.com\/avatar\/b653a05acc9928bc50547a0b6ed51698115bbf59840455a4bc9d337f928ec9d6?s=96&d=mm&r=g","url":"https:\/\/secure.gravatar.com\/avatar\/b653a05acc9928bc50547a0b6ed51698115bbf59840455a4bc9d337f928ec9d6?s=96&d=mm&r=g","height":96,"width":96}},"publisher":{"@type":"Organization","name":"spars.cz","logo":{"@type":"ImageObject","@id":"\/logo.png","url":"\/logo.png","width":600,"height":60}},"image":{"@type":"ImageObject","@id":"https:\/\/www.spars.cz\/wp-content\/uploads\/drink-g608f236ca_640.jpg","url":"https:\/\/www.spars.cz\/wp-content\/uploads\/drink-g608f236ca_640.jpg","height":0,"width":0},"url":"https:\/\/www.spars.cz\/dovolena-jak-se-patri\/","about":["Byznys"],"wordCount":465,"articleBody":"         Dovolen\u00e1 m\u016f\u017ee m\u00edt hned n\u011bkolik podob. Ka\u017ed\u00fd si pod pojmem dovolen\u00e1 p\u0159edstav\u00ed n\u011bco jin\u00e9ho podle toho, co ho bav\u00ed a nad \u010d\u00edm tr\u00e1v\u00ed voln\u00fd \u010das, co ho l\u00e1k\u00e1 a jak\u00e9 jsou jeho kon\u00ed\u010dky a z\u00e1liby. Lid\u00e9 si lokaci dovolen\u00e9 vyb\u00edraj\u00ed tak\u00e9 podle toho, co maj\u00ed samoz\u0159ejm\u011b r\u00e1di a k mo\u0159i nepojede n\u011bkdo, kdo nesn\u00e1\u0161\u00ed teplo a mo\u0159e. Jsou takov\u00ed lid\u00e9, to bychom se divili, ale je jich asi \u00fapln\u00e9 minimum. Sp\u00ed\u0161e ne\u017e aby nem\u011bli r\u00e1di mo\u0159e je to tak, \u017ee maj\u00ed r\u00e1di n\u011bco v\u00edce ne\u017e mo\u0159e, je velmi m\u00e1lo lid\u00ed, kte\u0159\u00ed mo\u0159e nen\u00e1vid\u00ed. Nav\u00edc je l\u00e9\u010div\u00e9 a kdy\u017e m\u00e1 n\u011bkdo nap\u0159\u00edklad probl\u00e9m s k\u016f\u017e\u00ed, n\u011bjak\u00fd ekz\u00e9m a podobn\u011b, tak je mo\u0159e tou spr\u00e1vnou volbou pro to, aby se k\u016f\u017ee vyl\u00e9\u010dila, tak\u017ee na mo\u0159i nic \u0161patn\u00e9ho nen\u00ed. Ale sto lid\u00ed, sto chut\u00ed a jsme ka\u017ed\u00fd \u00fapln\u011b jin\u00fd na to, abychom m\u011bli stejn\u00e9 n\u00e1zory. Stejn\u011b tak m\u00e1 ka\u017ed\u00fd r\u00e1d dovolenou n\u011bkde jinde. N\u011bkdo miluje v\u00fd\u0161e zm\u00edn\u011bn\u00e9 mo\u0159e a m\u00e1 rad\u0161i teplo a relax na pl\u00e1\u017ei, nejl\u00e9pe se tak\u00e9 po\u0159\u00e1dn\u011b n\u011bkde v\u017edycky naj\u00edst a pak to vyle\u017eet na slun\u00ed\u010dku a vyplavat v mo\u0159i, n\u011bkdo m\u00e1 r\u00e1d zase dovolenou na hor\u00e1ch, kde m\u016f\u017ee chodit po r\u016fzn\u00fdch kopc\u00edch a u\u017e\u00edvat si p\u0159\u00edrody a podobn\u011b. Ob\u011b dovolen\u00e9 maj\u00ed n\u011bco do sebe a jsou velmi kouzeln\u00e9. Tak\u00e9 z\u00e1le\u017e\u00ed, v jakou dobu se na dovolenou vyd\u00e1te. Pokud jedete v zim\u011b a chcete jet n\u011bkam, kde je teplo, mus\u00edte d\u00e1l ne\u017e jen do Chorvatska a podobn\u011b, tam byste zas takov\u00e9 teplo nem\u011bli. Pokud zase naopak chcete jet na hory, je lep\u0161\u00ed si vybrat zimn\u00ed dovolenou a u\u017e\u00edt si sn\u011bhu, p\u0159\u00edpadn\u011b si i zaly\u017eovat, co\u017e je moc dobr\u00e9 a prosp\u011b\u0161n\u00e9 pro t\u011blo. Je to sport jako ka\u017ed\u00fd jin\u00fd, tak d\u011bl\u00e1te pro sv\u00e9 t\u011blo n\u011bco dobr\u00e9, alespo\u0148 n\u011bkdy. Jet na hory v l\u00e9t\u011b, ale tak\u00e9 nen\u00ed nic \u0161patn\u00e9ho, p\u0159\u00edrodu si zase u\u017eijete n\u011bjak jinak. M\u016f\u017eete zkusit t\u0159eba Jesen\u00edky a vybrat si n\u011bjak\u00e9 levn\u00e9 ubytov\u00e1n\u00ed Jesen\u00edky Apartm\u00e1ny Max. D\u00edky tomu si u\u017eijete jednak p\u011bknou p\u0159\u00edrodu a okol\u00ed, jednak se tak\u00e9 budete t\u011b\u0161it ve\u010der na sv\u016fj apartm\u00e1n, kde budete tr\u00e1vit tak\u00e9 n\u011bjak\u00fd \u010das, tedy i v\u00fdb\u011br ubytov\u00e1n\u00ed je velmi d\u016fle\u017eit\u00fd.                                                                                                                                                                                                                                                                                                                                                                                                  "},{"@context":"https:\/\/schema.org\/","@type":"BreadcrumbList","itemListElement":[{"@type":"ListItem","position":1,"name":"Dovolen\u00e1 jak se pat\u0159\u00ed","item":"https:\/\/www.spars.cz\/dovolena-jak-se-patri\/#breadcrumbitem"}]}]