[{"@context":"https:\/\/schema.org\/","@type":"Article","@id":"https:\/\/www.spars.cz\/budte-svi\/#Article","mainEntityOfPage":"https:\/\/www.spars.cz\/budte-svi\/","headline":"Bu\u010fte sv\u00ed","name":"Bu\u010fte sv\u00ed","description":"Nem\u00e1te r\u00e1di f\u00e1dn\u00ed a neorigin\u00e1ln\u00ed za\u0159\u00edzen\u00ed interi\u00e9ru? Chcete, aby V\u00e1\u0161 domov i Va\u0161e pracovi\u0161t\u011b charakterizovalo V\u00e1\u0161 hrav\u00fd a osobit\u00fd p\u0159\u00edstup&hellip;","datePublished":"2023-06-17","dateModified":"2024-06-19","author":{"@type":"Person","@id":"https:\/\/www.spars.cz\/author\/devene\/#Person","name":"devene","url":"https:\/\/www.spars.cz\/author\/devene\/","identifier":1,"image":{"@type":"ImageObject","@id":"https:\/\/secure.gravatar.com\/avatar\/b653a05acc9928bc50547a0b6ed51698115bbf59840455a4bc9d337f928ec9d6?s=96&d=mm&r=g","url":"https:\/\/secure.gravatar.com\/avatar\/b653a05acc9928bc50547a0b6ed51698115bbf59840455a4bc9d337f928ec9d6?s=96&d=mm&r=g","height":96,"width":96}},"publisher":{"@type":"Organization","name":"spars.cz","logo":{"@type":"ImageObject","@id":"\/logo.png","url":"\/logo.png","width":600,"height":60}},"url":"https:\/\/www.spars.cz\/budte-svi\/","wordCount":233,"articleBody":"Nem\u00e1te r\u00e1di f\u00e1dn\u00ed a neorigin\u00e1ln\u00ed za\u0159\u00edzen\u00ed interi\u00e9ru? Chcete, aby V\u00e1\u0161 domov i Va\u0161e pracovi\u0161t\u011b charakterizovalo V\u00e1\u0161 hrav\u00fd a osobit\u00fd p\u0159\u00edstup k \u017eivotu? Chcete b\u00fdt obklopeni hezk\u00fdmi a p\u0159\u00edjemn\u011b p\u016fsob\u00edc\u00edmi v\u011bcmi? V\u00edte, \u017ee takov\u00e9 za\u0159\u00edzen\u00ed interi\u00e9ru nemus\u00ed b\u00fdt v\u016fbec drah\u00e9 a m\u016f\u017eete ho m\u00edt b\u011bhem p\u00e1r dn\u016f? Rozhodn\u011b V\u00e1s nenab\u00e1d\u00e1me ke kompletn\u011b nov\u00e9mu po\u0159\u00edzen\u00ed ve\u0161ker\u00e9ho n\u00e1bytku, naopak. Sv\u00e9 st\u00e1vaj\u00edc\u00ed za\u0159\u00edzen\u00ed si ponechte a v\u0161e jen dola\u010fte jedine\u010dnou te\u010dkou, kter\u00e1 v\u0161emu dod\u00e1 po\u0159\u00e1dn\u00fd \u0161mrnc. Ob\u00fdvac\u00ed pokoj, d\u011btsk\u00fd pokoj i Va\u0161e kancel\u00e1\u0159 prokouknou s dekorativn\u00ed samolepkou na ze\u010f, kterou si m\u016f\u017eete vybrat v na\u0161\u00ed galerii.\tJe z \u010deho vyb\u00edratVyberte si n\u011bkter\u00fd z cel\u00e9 \u0159ady motiv\u016f, na\u0161e spektrum je \u0161irok\u00e9. Pou\u017eijte n\u011bkter\u00fd z roztomil\u00fdch d\u011btsk\u00fdch motiv\u016f, kter\u00e9 rozvesel\u00ed ka\u017ed\u00fd d\u011btsk\u00fd pokoj, vyberte si motiv, kter\u00fd dod\u00e1 jedine\u010dn\u00fd styl Va\u0161\u00ed zasedac\u00ed m\u00edstnosti v pr\u00e1ci. Va\u0161e prostory jsou jakousi Va\u0161\u00ed vizitkou, zajist\u011bte, aby vytvo\u0159ila jedine\u010dn\u00fd prvn\u00ed dojem. Vyberte si t\u0159eba n\u011bkter\u00fd z 3d motiv\u016f, uvid\u00edte, \u017ee Va\u0161i n\u00e1v\u0161t\u011bvn\u00edci budou fascinov\u00e1ni, budou doslova vta\u017eeni do obrazu.                                                                                                                                                                                                                                                                                                                                                                                                "},{"@context":"https:\/\/schema.org\/","@type":"BreadcrumbList","itemListElement":[{"@type":"ListItem","position":1,"name":"Bu\u010fte sv\u00ed","item":"https:\/\/www.spars.cz\/budte-svi\/#breadcrumbitem"}]}]